{"id":10116,"date":"2022-07-11T15:00:20","date_gmt":"2022-07-11T15:00:20","guid":{"rendered":"https:\/\/www.lodelmomentoloja.com\/?p=10116"},"modified":"2022-07-12T19:12:26","modified_gmt":"2022-07-12T19:12:26","slug":"pachakutik-y-renovacion-democratica-cierran-alianza-en-loja","status":"publish","type":"post","link":"https:\/\/www.lodelmomentoloja.com\/?p=10116","title":{"rendered":"Pachakutik y Renovaci\u00f3n Democr\u00e1tica cierran alianza en Loja"},"content":{"rendered":"<p>El d\u00eda de hoy, sesde el sal\u00f3n de la Democracia, en las instalaciones del Consejo Nacional Electoral de la ciudad de Loja, se hizo p\u00fablico el anuncio de la Alianza entre el Movimiento de Unidad Plurinacional Pachakutik &#8211; MUPP Lista 18 y Renovaci\u00f3n Democr\u00e1tica Lista 111, con la presencia de varios actores pol\u00edticos de ambos movimientos, incluido Manuel Medina, el actual legislador de PK.<\/p>\n<p><img loading=\"lazy\" decoding=\"async\" class=\"alignnone wp-image-10117 size-large\" src=\"http:\/\/www.lodelmomentoloja.com\/wp-content\/uploads\/2022\/07\/sewaq-1024x431.jpg\" alt=\"\" width=\"640\" height=\"269\" srcset=\"https:\/\/www.lodelmomentoloja.com\/wp-content\/uploads\/2022\/07\/sewaq-1024x431.jpg 1024w, https:\/\/www.lodelmomentoloja.com\/wp-content\/uploads\/2022\/07\/sewaq-300x126.jpg 300w, https:\/\/www.lodelmomentoloja.com\/wp-content\/uploads\/2022\/07\/sewaq-768x324.jpg 768w\" sizes=\"(max-width: 640px) 100vw, 640px\" \/><\/p>\n<p>Por parte de Renovaci\u00f3n Democr\u00e1tica, el <strong>Dr. Patricio Valdivieso participar\u00e1 por segunda ocasi\u00f3n como candidato a la Alcald\u00eda del cant\u00f3n Loja<\/strong>, as\u00ed mismo, Valdivieso en su intervenci\u00f3n mencion\u00f3 a dos ciudadanos como los precandidatos a las concejal\u00edas, como es el caso de Mar\u00eda Eliza Chicaiza -ex funcionaria de Jorge Bail\u00f3n- para el Distrito Sur y Miguel Castillo para el Distrito Norte. Adem\u00e1s, personajes como Miguel Poma, Miguel Contento, Marco Ortega, Fernando Duque, entre otros, fueron parte de los ciudadanos que estuvieron presentes en la parte principal del sal\u00f3n de la democracia.<\/p>\n<p>Por el lado de <strong>Pachakutik, solo se oficializ\u00f3 la participaci\u00f3n de Jorge Guevara para la Prefectura de Loja<\/strong>.<\/p>\n<p>&nbsp;<\/p>\n<h3>LAS IM\u00c1GENES DEL EVENTO.<\/h3>\n<p><img loading=\"lazy\" decoding=\"async\" class=\"alignnone wp-image-10143 \" src=\"http:\/\/www.lodelmomentoloja.com\/wp-content\/uploads\/2022\/07\/6-scaled.jpg\" alt=\"\" width=\"857\" height=\"571\" srcset=\"https:\/\/www.lodelmomentoloja.com\/wp-content\/uploads\/2022\/07\/6-scaled.jpg 2560w, https:\/\/www.lodelmomentoloja.com\/wp-content\/uploads\/2022\/07\/6-300x200.jpg 300w\" sizes=\"(max-width: 857px) 100vw, 857px\" \/><\/p>\n<p><img loading=\"lazy\" decoding=\"async\" class=\"alignnone wp-image-10144 \" src=\"http:\/\/www.lodelmomentoloja.com\/wp-content\/uploads\/2022\/07\/7-scaled.jpg\" alt=\"\" width=\"857\" height=\"571\" srcset=\"https:\/\/www.lodelmomentoloja.com\/wp-content\/uploads\/2022\/07\/7-scaled.jpg 2560w, https:\/\/www.lodelmomentoloja.com\/wp-content\/uploads\/2022\/07\/7-300x200.jpg 300w\" sizes=\"(max-width: 857px) 100vw, 857px\" \/><\/p>\n<p><img loading=\"lazy\" decoding=\"async\" class=\"alignnone wp-image-10150 \" src=\"http:\/\/www.lodelmomentoloja.com\/wp-content\/uploads\/2022\/07\/13-scaled.jpg\" alt=\"\" width=\"854\" height=\"569\" srcset=\"https:\/\/www.lodelmomentoloja.com\/wp-content\/uploads\/2022\/07\/13-scaled.jpg 2560w, https:\/\/www.lodelmomentoloja.com\/wp-content\/uploads\/2022\/07\/13-300x200.jpg 300w\" sizes=\"(max-width: 854px) 100vw, 854px\" \/><img loading=\"lazy\" decoding=\"async\" class=\"alignnone size-medium wp-image-10138\" src=\"http:\/\/www.lodelmomentoloja.com\/wp-content\/uploads\/2022\/07\/1-1.jpg\" alt=\"\" width=\"1\" height=\"1\" \/><\/p>\n<p><img loading=\"lazy\" decoding=\"async\" class=\"alignnone wp-image-10152 \" src=\"http:\/\/www.lodelmomentoloja.com\/wp-content\/uploads\/2022\/07\/15-scaled.jpg\" alt=\"\" width=\"852\" height=\"568\" srcset=\"https:\/\/www.lodelmomentoloja.com\/wp-content\/uploads\/2022\/07\/15-scaled.jpg 2560w, https:\/\/www.lodelmomentoloja.com\/wp-content\/uploads\/2022\/07\/15-300x200.jpg 300w\" sizes=\"(max-width: 852px) 100vw, 852px\" \/><img loading=\"lazy\" decoding=\"async\" class=\"alignnone size-medium wp-image-10138\" src=\"http:\/\/www.lodelmomentoloja.com\/wp-content\/uploads\/2022\/07\/1-1.jpg\" alt=\"\" width=\"1\" height=\"1\" \/><\/p>\n<h3>CANDIDATOS A CONCEJALES DE LOJA POR LA ALIANZA PK-RD<\/h3>\n<p><img loading=\"lazy\" decoding=\"async\" class=\"alignnone wp-image-10145 \" src=\"http:\/\/www.lodelmomentoloja.com\/wp-content\/uploads\/2022\/07\/8-scaled.jpg\" alt=\"\" width=\"446\" height=\"297\" srcset=\"https:\/\/www.lodelmomentoloja.com\/wp-content\/uploads\/2022\/07\/8-scaled.jpg 2560w, https:\/\/www.lodelmomentoloja.com\/wp-content\/uploads\/2022\/07\/8-300x200.jpg 300w\" sizes=\"(max-width: 446px) 100vw, 446px\" \/> \u00a0<img loading=\"lazy\" decoding=\"async\" class=\"alignnone wp-image-10151 \" src=\"http:\/\/www.lodelmomentoloja.com\/wp-content\/uploads\/2022\/07\/14-scaled.jpg\" alt=\"\" width=\"444\" height=\"296\" srcset=\"https:\/\/www.lodelmomentoloja.com\/wp-content\/uploads\/2022\/07\/14-scaled.jpg 2560w, https:\/\/www.lodelmomentoloja.com\/wp-content\/uploads\/2022\/07\/14-300x200.jpg 300w\" sizes=\"(max-width: 444px) 100vw, 444px\" \/><\/p>\n<p><img loading=\"lazy\" decoding=\"async\" class=\"alignnone wp-image-10148 \" src=\"http:\/\/www.lodelmomentoloja.com\/wp-content\/uploads\/2022\/07\/11-scaled.jpg\" alt=\"\" width=\"441\" height=\"294\" srcset=\"https:\/\/www.lodelmomentoloja.com\/wp-content\/uploads\/2022\/07\/11-scaled.jpg 2560w, https:\/\/www.lodelmomentoloja.com\/wp-content\/uploads\/2022\/07\/11-300x200.jpg 300w\" sizes=\"(max-width: 441px) 100vw, 441px\" \/> <img loading=\"lazy\" decoding=\"async\" class=\"alignnone wp-image-10146 \" src=\"http:\/\/www.lodelmomentoloja.com\/wp-content\/uploads\/2022\/07\/9-scaled.jpg\" alt=\"\" width=\"441\" height=\"294\" srcset=\"https:\/\/www.lodelmomentoloja.com\/wp-content\/uploads\/2022\/07\/9-scaled.jpg 2560w, https:\/\/www.lodelmomentoloja.com\/wp-content\/uploads\/2022\/07\/9-300x200.jpg 300w\" sizes=\"(max-width: 441px) 100vw, 441px\" \/><\/p>\n<p><em>S\u00edguenos #LDMnoticias \u00f3 #lodelmomentolojaLDM<\/em><\/p>\n<p>&nbsp;<\/p>\n<p>&nbsp;<\/p>\n","protected":false},"excerpt":{"rendered":"<p>El d\u00eda de hoy, sesde el sal\u00f3n de la Democracia, en las instalaciones del Consejo&#8230;<\/p>\n","protected":false},"author":1,"featured_media":10118,"comment_status":"open","ping_status":"open","sticky":false,"template":"","format":"standard","meta":{"footnotes":""},"categories":[1,5],"tags":[],"class_list":["post-10116","post","type-post","status-publish","format-standard","has-post-thumbnail","hentry","category-inicio","category-loja"],"_links":{"self":[{"href":"https:\/\/www.lodelmomentoloja.com\/index.php?rest_route=\/wp\/v2\/posts\/10116"}],"collection":[{"href":"https:\/\/www.lodelmomentoloja.com\/index.php?rest_route=\/wp\/v2\/posts"}],"about":[{"href":"https:\/\/www.lodelmomentoloja.com\/index.php?rest_route=\/wp\/v2\/types\/post"}],"author":[{"embeddable":true,"href":"https:\/\/www.lodelmomentoloja.com\/index.php?rest_route=\/wp\/v2\/users\/1"}],"replies":[{"embeddable":true,"href":"https:\/\/www.lodelmomentoloja.com\/index.php?rest_route=%2Fwp%2Fv2%2Fcomments&post=10116"}],"version-history":[{"count":3,"href":"https:\/\/www.lodelmomentoloja.com\/index.php?rest_route=\/wp\/v2\/posts\/10116\/revisions"}],"predecessor-version":[{"id":10155,"href":"https:\/\/www.lodelmomentoloja.com\/index.php?rest_route=\/wp\/v2\/posts\/10116\/revisions\/10155"}],"wp:featuredmedia":[{"embeddable":true,"href":"https:\/\/www.lodelmomentoloja.com\/index.php?rest_route=\/wp\/v2\/media\/10118"}],"wp:attachment":[{"href":"https:\/\/www.lodelmomentoloja.com\/index.php?rest_route=%2Fwp%2Fv2%2Fmedia&parent=10116"}],"wp:term":[{"taxonomy":"category","embeddable":true,"href":"https:\/\/www.lodelmomentoloja.com\/index.php?rest_route=%2Fwp%2Fv2%2Fcategories&post=10116"},{"taxonomy":"post_tag","embeddable":true,"href":"https:\/\/www.lodelmomentoloja.com\/index.php?rest_route=%2Fwp%2Fv2%2Ftags&post=10116"}],"curies":[{"name":"wp","href":"https:\/\/api.w.org\/{rel}","templated":true}]}}