{"id":10086,"date":"2022-07-08T11:00:09","date_gmt":"2022-07-08T11:00:09","guid":{"rendered":"https:\/\/www.lodelmomentoloja.com\/?p=10086"},"modified":"2022-07-08T17:11:22","modified_gmt":"2022-07-08T17:11:22","slug":"la-primera-alianza-politica-se-formaliza-en-loja-pk-y-rd","status":"publish","type":"post","link":"https:\/\/www.lodelmomentoloja.com\/?p=10086","title":{"rendered":"La primera alianza pol\u00edtica se formaliza en Loja &#8211; PK y RD."},"content":{"rendered":"<p>Los movimientos pol\u00edticos Unidad Plurinacional Pachakutik Lista 18 y Renovaci\u00f3n Democr\u00e1tica Lista 111, en base a los acuerdos pol\u00edticos, har\u00e1n formal la alianza a la que han denominado <strong>Una Nueva Historia Listas 18-111<\/strong>. Esto, en miras para participar en el pr\u00f3ximo proceso electoral del 2023, tanto para Prefectura, Alcald\u00edas, Concejal\u00edas y Juntas Parroquiales.<\/p>\n<p>Mediante un comunicado de prensa, ambos partidos extienden la invitaci\u00f3n para asistir el d\u00eda lunes 11 de julio 2022 a las 11h00 en el sal\u00f3n de la Democracia del Consejo Nacional Electoral de la ciudad de Loja.<\/p>\n<p>Las figuras m\u00e1s representativas por parte de ambos movimientos hasta el momento son el excandidato a la Alcald\u00eda de Loja <strong>Patricio Valdivieso por RD 111,<\/strong> qui\u00e9n nuevamente participar\u00e1 este 2023 y <strong>Jorge Guevara por Pachakutik<\/strong> a la Prefectura de Loja.<\/p>\n<p>&nbsp;<\/p>\n<p><em>S\u00edguenos #LDMnoticias \u00f3 #lodelmomentolojaLDM<\/em><\/p>\n","protected":false},"excerpt":{"rendered":"<p>Los movimientos pol\u00edticos Unidad Plurinacional Pachakutik Lista 18 y Renovaci\u00f3n Democr\u00e1tica Lista 111, en base&#8230;<\/p>\n","protected":false},"author":1,"featured_media":10087,"comment_status":"open","ping_status":"open","sticky":false,"template":"","format":"standard","meta":{"footnotes":""},"categories":[1,5],"tags":[],"class_list":["post-10086","post","type-post","status-publish","format-standard","has-post-thumbnail","hentry","category-inicio","category-loja"],"_links":{"self":[{"href":"https:\/\/www.lodelmomentoloja.com\/index.php?rest_route=\/wp\/v2\/posts\/10086"}],"collection":[{"href":"https:\/\/www.lodelmomentoloja.com\/index.php?rest_route=\/wp\/v2\/posts"}],"about":[{"href":"https:\/\/www.lodelmomentoloja.com\/index.php?rest_route=\/wp\/v2\/types\/post"}],"author":[{"embeddable":true,"href":"https:\/\/www.lodelmomentoloja.com\/index.php?rest_route=\/wp\/v2\/users\/1"}],"replies":[{"embeddable":true,"href":"https:\/\/www.lodelmomentoloja.com\/index.php?rest_route=%2Fwp%2Fv2%2Fcomments&post=10086"}],"version-history":[{"count":1,"href":"https:\/\/www.lodelmomentoloja.com\/index.php?rest_route=\/wp\/v2\/posts\/10086\/revisions"}],"predecessor-version":[{"id":10088,"href":"https:\/\/www.lodelmomentoloja.com\/index.php?rest_route=\/wp\/v2\/posts\/10086\/revisions\/10088"}],"wp:featuredmedia":[{"embeddable":true,"href":"https:\/\/www.lodelmomentoloja.com\/index.php?rest_route=\/wp\/v2\/media\/10087"}],"wp:attachment":[{"href":"https:\/\/www.lodelmomentoloja.com\/index.php?rest_route=%2Fwp%2Fv2%2Fmedia&parent=10086"}],"wp:term":[{"taxonomy":"category","embeddable":true,"href":"https:\/\/www.lodelmomentoloja.com\/index.php?rest_route=%2Fwp%2Fv2%2Fcategories&post=10086"},{"taxonomy":"post_tag","embeddable":true,"href":"https:\/\/www.lodelmomentoloja.com\/index.php?rest_route=%2Fwp%2Fv2%2Ftags&post=10086"}],"curies":[{"name":"wp","href":"https:\/\/api.w.org\/{rel}","templated":true}]}}