{"id":10064,"date":"2022-07-07T17:00:46","date_gmt":"2022-07-07T17:00:46","guid":{"rendered":"https:\/\/www.lodelmomentoloja.com\/?p=10064"},"modified":"2022-07-07T22:43:08","modified_gmt":"2022-07-07T22:43:08","slug":"inauguran-congreso-internacional-que-analiza-la-migracion","status":"publish","type":"post","link":"https:\/\/www.lodelmomentoloja.com\/?p=10064","title":{"rendered":"Inauguran Congreso Internacional que analiza la migraci\u00f3n"},"content":{"rendered":"<p><em>Desde el sur del pa\u00eds, este jueves 7 de julio se analiza la crisis y migraci\u00f3n en la segunda edici\u00f3n del congreso que tiene como tem\u00e1tica: \u201cser migrante: nuevas tendencias, pol\u00edticas y futuros\u201d.<\/em><\/p>\n<p>El II <strong>Congreso Internacional Crisis y Migraci\u00f3n<\/strong> \u201c<strong>Ser Migrante: Nuevas tendencias, pol\u00edticas y futuros\u201d, <\/strong>se inaugur\u00f3 en su segunda edici\u00f3n, este jueves 07 de julio de 2022, en la <strong>Universidad T\u00e9cnica Particular de Loja (UTPL). <\/strong>Este evento <strong>cuenta con ponencias magistrales, investigaciones y mesas de discusi\u00f3n para evaluar la migraci\u00f3n y evoluci\u00f3n, causas, efectos en la econom\u00eda, sociedades y leyes regulatorias, etc<\/strong>.<\/p>\n<p>En esta edici\u00f3n participan 700 personas de 19 pa\u00edses para analizar la migraci\u00f3n como un fen\u00f3meno global. Cuenta con el financiamiento del <strong>Fondo \u00cdtalo Ecuatoriano para el Desarrollo Sostenible (FIEDS) y <\/strong>est\u00e1 a cargo de la <strong>Facultad de Ciencias Econ\u00f3micas y Empresariales de la UTPL. <\/strong>Se desarrolla en formato virtual durante dos d\u00edas.<\/p>\n<p><strong>Rosario de Rivas, Vicerrectora Acad\u00e9mica de la UTPL<\/strong>, anunci\u00f3 que, por la importancia y resultados positivos de este congreso, la universidad ha decidido institucionalizarlo para que se ejecute de forma anual. As\u00ed, cada a\u00f1o se analizar\u00e1 desde la academia nuevas tendencias sobre migraci\u00f3n, investigaciones y la ejecuci\u00f3n de pol\u00edticas p\u00fablicas para apoyar a los migrantes que atraviesan diversos retos.<\/p>\n<p>Por su parte, Leonardo Izquierdo, Decano de la Facultad de Ciencias Econ\u00f3micas y Empresariales, destac\u00f3 que la UTPL ha trabajado durante dos a\u00f1os con un proyecto de movilidad para apoyar a los migrantes, asumiendo un compromiso para generar acciones con otras instituciones y aportar as\u00ed a la transformaci\u00f3n social.<\/p>\n<p>Durante el Congreso participan ponentes magistrales de <strong>Estados Unidos, Chile, Brasil, M\u00e9xico, Espa\u00f1a, Venezuela y Ecuado<\/strong>r, docentes de prestigiosas universidades con estudios acad\u00e9micos sobre movilidad humana.<\/p>\n<p>Se analizan varios temas como: derechos humanos, protecci\u00f3n y asilo; nuevas tendencias migratorias: cultura, g\u00e9nero y h\u00e1bitat; gobernanza, desarrollo local y pol\u00edticas p\u00fablicas para la migraci\u00f3n; estudios cuantitativos: evaluaci\u00f3n, medici\u00f3n e impacto de la migraci\u00f3n; y la narrativa de la migraci\u00f3n: medios de comunicaci\u00f3n y redes sociales.<\/p>\n<p>Vicente Torres, Director del Proyecto FIEDS UTPL, se\u00f1al\u00f3 que en este \u00faltimo trimestre de trabajo en el Proyecto de Fortalecimiento de Movilidad Humana Loja se ha evidenciado que es posible desde la academia generar insumos reales para generar pol\u00edticas p\u00fablicas a favor de los migrantes.<\/p>\n<p>\u201cBuscamos una sinergia que permita avanzar, colocando a Loja como un referente en apoyo a movilidad con formaci\u00f3n, apoyo y emprendimiento\u201d, destac\u00f3.<\/p>\n<p><img loading=\"lazy\" decoding=\"async\" class=\"alignnone wp-image-10070 \" src=\"http:\/\/www.lodelmomentoloja.com\/wp-content\/uploads\/2022\/07\/2-scaled.jpg\" alt=\"\" width=\"915\" height=\"610\" srcset=\"https:\/\/www.lodelmomentoloja.com\/wp-content\/uploads\/2022\/07\/2-scaled.jpg 2560w, https:\/\/www.lodelmomentoloja.com\/wp-content\/uploads\/2022\/07\/2-300x200.jpg 300w\" sizes=\"(max-width: 915px) 100vw, 915px\" \/><\/p>\n<p>El evento se desarrolla de manera gratuito y congrega durante los d\u00edas a acad\u00e9micos, profesionales, estudiantes universitarios, investigadores, colectivos sociales y otras instituciones. En la parte inicial particip\u00f3 Susan Gzesh, profesora de la Universidad de Chicago, quien habl\u00f3 sobre: La protecci\u00f3n internacional en crisis, \u00bfel fin del asilo pol\u00edtico?<\/p>\n<p><strong>Dato<\/strong><\/p>\n<p>Este congreso forma parte de las actividades que se ejecutan dentro del marco del proyecto FIEDS-UTPL.<\/p>\n<p><em>S\u00edguenos #LDMnoticias \u00f3 #lodelmomentolojaLDM<\/em><\/p>\n","protected":false},"excerpt":{"rendered":"<p>Desde el sur del pa\u00eds, este jueves 7 de julio se analiza la crisis y&#8230;<\/p>\n","protected":false},"author":1,"featured_media":10067,"comment_status":"open","ping_status":"open","sticky":false,"template":"","format":"standard","meta":{"footnotes":""},"categories":[1,5],"tags":[],"class_list":["post-10064","post","type-post","status-publish","format-standard","has-post-thumbnail","hentry","category-inicio","category-loja"],"_links":{"self":[{"href":"https:\/\/www.lodelmomentoloja.com\/index.php?rest_route=\/wp\/v2\/posts\/10064"}],"collection":[{"href":"https:\/\/www.lodelmomentoloja.com\/index.php?rest_route=\/wp\/v2\/posts"}],"about":[{"href":"https:\/\/www.lodelmomentoloja.com\/index.php?rest_route=\/wp\/v2\/types\/post"}],"author":[{"embeddable":true,"href":"https:\/\/www.lodelmomentoloja.com\/index.php?rest_route=\/wp\/v2\/users\/1"}],"replies":[{"embeddable":true,"href":"https:\/\/www.lodelmomentoloja.com\/index.php?rest_route=%2Fwp%2Fv2%2Fcomments&post=10064"}],"version-history":[{"count":6,"href":"https:\/\/www.lodelmomentoloja.com\/index.php?rest_route=\/wp\/v2\/posts\/10064\/revisions"}],"predecessor-version":[{"id":10073,"href":"https:\/\/www.lodelmomentoloja.com\/index.php?rest_route=\/wp\/v2\/posts\/10064\/revisions\/10073"}],"wp:featuredmedia":[{"embeddable":true,"href":"https:\/\/www.lodelmomentoloja.com\/index.php?rest_route=\/wp\/v2\/media\/10067"}],"wp:attachment":[{"href":"https:\/\/www.lodelmomentoloja.com\/index.php?rest_route=%2Fwp%2Fv2%2Fmedia&parent=10064"}],"wp:term":[{"taxonomy":"category","embeddable":true,"href":"https:\/\/www.lodelmomentoloja.com\/index.php?rest_route=%2Fwp%2Fv2%2Fcategories&post=10064"},{"taxonomy":"post_tag","embeddable":true,"href":"https:\/\/www.lodelmomentoloja.com\/index.php?rest_route=%2Fwp%2Fv2%2Ftags&post=10064"}],"curies":[{"name":"wp","href":"https:\/\/api.w.org\/{rel}","templated":true}]}}