{"id":1006,"date":"2020-12-02T13:20:40","date_gmt":"2020-12-02T13:20:40","guid":{"rendered":"http:\/\/www.lodelmomentoloja.com\/?p=1006"},"modified":"2020-12-02T18:24:09","modified_gmt":"2020-12-02T18:24:09","slug":"trabajadores-afectados-con-reduccion-salarial","status":"publish","type":"post","link":"https:\/\/www.lodelmomentoloja.com\/?p=1006","title":{"rendered":"Trabajadores afectados con reducci\u00f3n salarial."},"content":{"rendered":"\n<h1 class=\"wp-block-heading\">Ecuador | A 25 millones de d\u00f3lares ascender\u00eda el prejuicio a los trabajores por aplicaci\u00f3n retroactiva de la Ley Humanitaria.<\/h1>\n\n\n\n<p>CEDES Ecuador y Acci\u00f3n Jur\u00eddica Popular, en rueda de prensa virtual dieron a conocer datos de trabajadores del pa\u00eds que han sido afectados con alrededor de 25 millones de d\u00f3lares por la aplicaci\u00f3n del art\u00edculo 20 de la Ley humanitaria; lo que le permite al empleador reducir la jornada laboral y a la par la reducci\u00f3n salarial. El empleador debe notificar a la autoridad de trabajo (Ministerio de Trabajo), indicando el per\u00edodo de aplicaci\u00f3n de la jornada reducida y la n\u00f3mina del personal a quienes aplicar\u00e1 la medida.<\/p>\n\n\n\n<p>Seg\u00fan datos del Ministerio de Trabajo obtenidos mediante acci\u00f3n de protecci\u00f3n a la informaci\u00f3n p\u00fablica por parte de Acci\u00f3n Jur\u00eddica Popular; hasta el 13 de noviembre del 2020, 5.888 empresas notificaron al Ministerio de Trabajo la reducci\u00f3n de la jornada laboral de una n\u00f3mina total de 65.535 trabajadores afectados.<\/p>\n\n\n\n<p><br>Para la reducci\u00f3n de la jornada laboral, de 8.396 contratos regulares, 5.7139 contratos fueron afectados con la reducci\u00f3n salarial de forma retroctiva, cuando la ley establece que se puede reducir el salario a partir de la notificaci\u00f3n al trabajador hacia el futuro. El registro debe constar en el Sistema \u00fanico de Trabajo.<\/p>\n\n\n\n<p>Seg\u00fan datos proporcionada por el Ministerio de Trabajo, el 87% de los contratos emergentes fueron aplicados de manera retroactiva, es decir, la reducci\u00f3n de jornada (y en consecuencia de remuneraciones) se habr\u00eda estado aplicando por d\u00edas y meses antes de su notificaci\u00f3n previa. Por lo que habr\u00eda afectado alrededor de 57.139 trabajadores. Solamente 8.396 notificaciones se habr\u00edan realizado de manera regular.<\/p>\n\n\n\n<p>Por ejemplo, el caso de los trabajadores de Empresa p\u00fablico privada Explocen: el Gerente General de la empresa, apoyado por el director del ISSFA, rebaj\u00f3 a la mayor\u00eda de trabajadores su jornada laboral y a su vez las remuneraciones. Esta notificaci\u00f3n se hizo el 30 de agosto del 2020, pero surt\u00eda efectos retroactivos desde el 1 de agosto de 2020, es decir, estos trabajadores perdieron la mitad de 29 d\u00edas laborados. As\u00ed, fueron afectados 72 trabajadores, que juntos suman 1.977 d\u00edas que no fueron remunerados completamente.<\/p>\n\n\n\n<p><br>Ang\u00e9lica Porras, abogada defensora de los trabajares de Explocen, aseguro que tomaran medidas dr\u00e1sticas como; denunciar al IESS y al SRI porque al reducir el salario a los trabajadores a la par el empleador no habr\u00eda apagado los haberes de sus trabajadores a est\u00e1s entidades.<\/p>\n\n\n\n<p>Tambi\u00e9n, han denunciado est\u00e1 ilegalidad por parte del Ministerio de Trabajo para que el legislativo lo lleve a juicio pol\u00edtico por incumplimiento de funciones, seg\u00fan Porras, existen pruebas suficientes para su censura y destituci\u00f3n al no proteger los derechos laborales de los trabajadores. Sin embargo, el organismo ha guardado silencio.<\/p>\n","protected":false},"excerpt":{"rendered":"<p>Ecuador | A 25 millones de d\u00f3lares ascender\u00eda el prejuicio a los trabajores por aplicaci\u00f3n&#8230;<\/p>\n","protected":false},"author":1,"featured_media":1007,"comment_status":"open","ping_status":"open","sticky":false,"template":"","format":"standard","meta":{"footnotes":""},"categories":[1],"tags":[],"class_list":["post-1006","post","type-post","status-publish","format-standard","has-post-thumbnail","hentry","category-inicio"],"_links":{"self":[{"href":"https:\/\/www.lodelmomentoloja.com\/index.php?rest_route=\/wp\/v2\/posts\/1006"}],"collection":[{"href":"https:\/\/www.lodelmomentoloja.com\/index.php?rest_route=\/wp\/v2\/posts"}],"about":[{"href":"https:\/\/www.lodelmomentoloja.com\/index.php?rest_route=\/wp\/v2\/types\/post"}],"author":[{"embeddable":true,"href":"https:\/\/www.lodelmomentoloja.com\/index.php?rest_route=\/wp\/v2\/users\/1"}],"replies":[{"embeddable":true,"href":"https:\/\/www.lodelmomentoloja.com\/index.php?rest_route=%2Fwp%2Fv2%2Fcomments&post=1006"}],"version-history":[{"count":1,"href":"https:\/\/www.lodelmomentoloja.com\/index.php?rest_route=\/wp\/v2\/posts\/1006\/revisions"}],"predecessor-version":[{"id":1008,"href":"https:\/\/www.lodelmomentoloja.com\/index.php?rest_route=\/wp\/v2\/posts\/1006\/revisions\/1008"}],"wp:featuredmedia":[{"embeddable":true,"href":"https:\/\/www.lodelmomentoloja.com\/index.php?rest_route=\/wp\/v2\/media\/1007"}],"wp:attachment":[{"href":"https:\/\/www.lodelmomentoloja.com\/index.php?rest_route=%2Fwp%2Fv2%2Fmedia&parent=1006"}],"wp:term":[{"taxonomy":"category","embeddable":true,"href":"https:\/\/www.lodelmomentoloja.com\/index.php?rest_route=%2Fwp%2Fv2%2Fcategories&post=1006"},{"taxonomy":"post_tag","embeddable":true,"href":"https:\/\/www.lodelmomentoloja.com\/index.php?rest_route=%2Fwp%2Fv2%2Ftags&post=1006"}],"curies":[{"name":"wp","href":"https:\/\/api.w.org\/{rel}","templated":true}]}}