{"id":10040,"date":"2022-07-07T08:48:26","date_gmt":"2022-07-07T08:48:26","guid":{"rendered":"https:\/\/www.lodelmomentoloja.com\/?p=10040"},"modified":"2022-07-07T13:50:38","modified_gmt":"2022-07-07T13:50:38","slug":"el-origen-del-sars-cov-2","status":"publish","type":"post","link":"https:\/\/www.lodelmomentoloja.com\/?p=10040","title":{"rendered":"&#8220;El origen del SARS-CoV-2&#8221;"},"content":{"rendered":"<p>El profesor Jeffrey Sachs, tras dos a\u00f1os al frente de la comisi\u00f3n Covid de la revista m\u00e9dica The Lancet, ha dicho que est\u00e1 convencido de que el virus sali\u00f3 de un laboratorio estadounidense de biotecnolog\u00eda.<\/p>\n<p>De hecho, en un art\u00edculo de opini\u00f3n publicado a finales de mayo por &#8216;The Boston Globe, mencion\u00f3 que los Institutos Nacionales de Salud de EEUU &#8220;financiaron una gran cantidad de manipulaciones de laboratorio potencialmente peligrosas y poco reguladas de virus similares al SARS&#8221;. Adem\u00e1s, acusa a estos NIH de ser &#8220;menos que transparentes&#8221;, ya que Sachs se\u00f1ala que han &#8220;desviado a los cient\u00edficos y al p\u00fablico&#8221; de la investigaci\u00f3n financiada en el pa\u00eds.<\/p>\n<p>Asimismo, el economista aclara que estos institutos &#8220;no le han dicho al pueblo estadounidense ni a la comunidad cient\u00edfica lo que saben sobre los or\u00edgenes del SARS-CoV-2&#8221;. De hecho, acusa a los NIH de resistirse a publicar documentaci\u00f3n cr\u00edtica y de demorarse en hacer las divulgaciones peticionadas a trav\u00e9s de la Ley de Libertad de Informaci\u00f3n estadounidense o facilitando documentos muy redactados.<\/p>\n<p>Adem\u00e1s en la conferencia GATE Sachs ha vuelto a hablar sobre el tema. &#8220;Estoy bastante convencido de que sali\u00f3 de la biotecnolog\u00eda de un laboratorio&#8221; de Estados Unidos, ha aclarado. El economista tambi\u00e9n ha explicado que el SARS-CoV-2 no se origin\u00f3 en la naturaleza y ha recalcado que llevan dos a\u00f1os de estudio sobre la pandemia.<\/p>\n<p>La COVID-19 &#8220;es un error garrafal de la biotecnolog\u00eda, no un error de desbordamiento natural&#8221;, ha continuado. Asimismo, Sachs ha insistido en que no se conoce &#8220;con seguridad&#8221; el origen del coronavirus y que deber\u00eda ser investigado su origen.<\/p>\n<p>Fuente: La Sexta.com<\/p>\n<p>www.lodelmomentoloja.com<\/p>\n<p>#LDMnoticias #lodelmomentolojaLDM<\/p>\n","protected":false},"excerpt":{"rendered":"<p>El profesor Jeffrey Sachs, tras dos a\u00f1os al frente de la comisi\u00f3n Covid de la&#8230;<\/p>\n","protected":false},"author":1,"featured_media":10041,"comment_status":"open","ping_status":"open","sticky":false,"template":"","format":"standard","meta":{"footnotes":""},"categories":[1,4],"tags":[],"class_list":["post-10040","post","type-post","status-publish","format-standard","has-post-thumbnail","hentry","category-inicio","category-internacional"],"_links":{"self":[{"href":"https:\/\/www.lodelmomentoloja.com\/index.php?rest_route=\/wp\/v2\/posts\/10040"}],"collection":[{"href":"https:\/\/www.lodelmomentoloja.com\/index.php?rest_route=\/wp\/v2\/posts"}],"about":[{"href":"https:\/\/www.lodelmomentoloja.com\/index.php?rest_route=\/wp\/v2\/types\/post"}],"author":[{"embeddable":true,"href":"https:\/\/www.lodelmomentoloja.com\/index.php?rest_route=\/wp\/v2\/users\/1"}],"replies":[{"embeddable":true,"href":"https:\/\/www.lodelmomentoloja.com\/index.php?rest_route=%2Fwp%2Fv2%2Fcomments&post=10040"}],"version-history":[{"count":1,"href":"https:\/\/www.lodelmomentoloja.com\/index.php?rest_route=\/wp\/v2\/posts\/10040\/revisions"}],"predecessor-version":[{"id":10042,"href":"https:\/\/www.lodelmomentoloja.com\/index.php?rest_route=\/wp\/v2\/posts\/10040\/revisions\/10042"}],"wp:featuredmedia":[{"embeddable":true,"href":"https:\/\/www.lodelmomentoloja.com\/index.php?rest_route=\/wp\/v2\/media\/10041"}],"wp:attachment":[{"href":"https:\/\/www.lodelmomentoloja.com\/index.php?rest_route=%2Fwp%2Fv2%2Fmedia&parent=10040"}],"wp:term":[{"taxonomy":"category","embeddable":true,"href":"https:\/\/www.lodelmomentoloja.com\/index.php?rest_route=%2Fwp%2Fv2%2Fcategories&post=10040"},{"taxonomy":"post_tag","embeddable":true,"href":"https:\/\/www.lodelmomentoloja.com\/index.php?rest_route=%2Fwp%2Fv2%2Ftags&post=10040"}],"curies":[{"name":"wp","href":"https:\/\/api.w.org\/{rel}","templated":true}]}}