{"id":10011,"date":"2022-07-05T15:55:43","date_gmt":"2022-07-05T15:55:43","guid":{"rendered":"https:\/\/www.lodelmomentoloja.com\/?p=10011"},"modified":"2022-07-05T20:58:02","modified_gmt":"2022-07-05T20:58:02","slug":"mascarilla-obligatoria-en-espacios-publicos-en-guayaquil","status":"publish","type":"post","link":"https:\/\/www.lodelmomentoloja.com\/?p=10011","title":{"rendered":"Mascarilla obligatoria en espacios p\u00fablicos en Guayaquil"},"content":{"rendered":"<p class=\"prose-text\">#Nacional | Desde este martes, Guayaquil vuelve a exigir el uso obligatorio de mascarilla en el espacio p\u00fablico cantonal.<\/p>\n<p class=\"prose-text\">La resoluci\u00f3n de dos p\u00e1ginas del Comit\u00e9 de Operaciones de Emergencia (COE) cantonal ha sido divulgada la ma\u00f1ana de este martes, aunque fue aprobada ayer.<\/p>\n<p class=\"prose-text\">En esta se dispone nuevamente el uso obligatorio de mascarilla en el espacio p\u00fablico cantonal de Guayaquil ante el repunte de casos COVID-19.<\/p>\n<p>www.lodelmomentoloja.com<\/p>\n<p>#LDMnoticias #lodelmomentolojaLDM<\/p>\n","protected":false},"excerpt":{"rendered":"<p>#Nacional | Desde este martes, Guayaquil vuelve a exigir el uso obligatorio de mascarilla en&#8230;<\/p>\n","protected":false},"author":1,"featured_media":10012,"comment_status":"open","ping_status":"open","sticky":false,"template":"","format":"standard","meta":{"footnotes":""},"categories":[7,1],"tags":[],"class_list":["post-10011","post","type-post","status-publish","format-standard","has-post-thumbnail","hentry","category-ecuador","category-inicio"],"_links":{"self":[{"href":"https:\/\/www.lodelmomentoloja.com\/index.php?rest_route=\/wp\/v2\/posts\/10011"}],"collection":[{"href":"https:\/\/www.lodelmomentoloja.com\/index.php?rest_route=\/wp\/v2\/posts"}],"about":[{"href":"https:\/\/www.lodelmomentoloja.com\/index.php?rest_route=\/wp\/v2\/types\/post"}],"author":[{"embeddable":true,"href":"https:\/\/www.lodelmomentoloja.com\/index.php?rest_route=\/wp\/v2\/users\/1"}],"replies":[{"embeddable":true,"href":"https:\/\/www.lodelmomentoloja.com\/index.php?rest_route=%2Fwp%2Fv2%2Fcomments&post=10011"}],"version-history":[{"count":1,"href":"https:\/\/www.lodelmomentoloja.com\/index.php?rest_route=\/wp\/v2\/posts\/10011\/revisions"}],"predecessor-version":[{"id":10013,"href":"https:\/\/www.lodelmomentoloja.com\/index.php?rest_route=\/wp\/v2\/posts\/10011\/revisions\/10013"}],"wp:featuredmedia":[{"embeddable":true,"href":"https:\/\/www.lodelmomentoloja.com\/index.php?rest_route=\/wp\/v2\/media\/10012"}],"wp:attachment":[{"href":"https:\/\/www.lodelmomentoloja.com\/index.php?rest_route=%2Fwp%2Fv2%2Fmedia&parent=10011"}],"wp:term":[{"taxonomy":"category","embeddable":true,"href":"https:\/\/www.lodelmomentoloja.com\/index.php?rest_route=%2Fwp%2Fv2%2Fcategories&post=10011"},{"taxonomy":"post_tag","embeddable":true,"href":"https:\/\/www.lodelmomentoloja.com\/index.php?rest_route=%2Fwp%2Fv2%2Ftags&post=10011"}],"curies":[{"name":"wp","href":"https:\/\/api.w.org\/{rel}","templated":true}]}}